{"id":1668,"date":"2015-12-30T09:58:54","date_gmt":"2015-12-30T07:58:54","guid":{"rendered":"http:\/\/www.bcdturkey.com.tr\/?p=1668"},"modified":"2015-12-30T09:58:54","modified_gmt":"2015-12-30T07:58:54","slug":"risk-management-end-of-2015","status":"publish","type":"post","link":"https:\/\/bcdturkey.com.tr\/en\/risk-management-end-of-2015\/","title":{"rendered":"Risk Y\u00f6netimi 2015 tamamlarken"},"content":{"rendered":"<blockquote><p>Wikipedia ya g\u00f6re<strong> Kriz<\/strong> (buhran, bunal\u0131m), bir \u00f6rg\u00fct\u00fcn \u00fcst d\u00fczey hedeflerini ve i\u015fleyi\u015f bi\u00e7imini tehdit eden veya hayat\u0131n\u0131 tehlikeye sokan, acil karar verilmesi gereken, uyum ve \u00f6nleme sistemlerini yetersiz hale getiren gerilim durumudur.<\/p><\/blockquote>\n<p>T\u00fcrk Dil Kurumu S\u00f6zl\u00fc\u011f\u00fc&#8217;nde <strong>Kriz<\/strong> \u201cBir \u00fclkede veya \u00fclkeler aras\u0131nda, toplum veya bir kurulu\u015fun ya\u015fam\u0131nda g\u00f6r\u00fclen g\u00fc\u00e7 d\u00f6nem, bunal\u0131m, buhran\u201d olarak tan\u0131mlanm\u0131\u015ft\u0131r. Kriz, buhran ve bunal\u0131m kavramlar\u0131 ile e\u015f anlaml\u0131 an\u0131labilmekle birlikte, \u201cbir \u00f6rg\u00fct\u00fcn \u00fcst d\u00fczey hedeflerini ve i\u015fleyi\u015f bi\u00e7imini tehdit eden veya hayat\u0131n\u0131 tehlikeye sokan, acil karar verilmesi gereken, uyum ve \u00f6nleme sistemlerini yetersiz hale getiren gerilim durum\u201d olarak da tan\u0131mlanabilir. \u00d6zetle kriz devlet , \u015firket ,kurum , kurulu\u015f gibi \u00f6rg\u00fctlerin i\u015fleyi\u015flerini etkileyen bir durumu ortaya koyarken , ortaya \u00e7\u0131kan aksakl\u0131klar\u0131n ne \u015fekilde \u00e7\u00f6z\u00fcl\u00fcp yoluna girece\u011finin belli olmamas\u0131 ve belirlenmesi s\u00fcreci kriz olaran nitelendirilebilir.\u00a0 Bu belirsizlik ise hayati tehlike ile risk tan\u0131mlaman\u0131n en y\u00fcksek derecesini i\u015faret etmektedir. Felsefi olarak hayat\u0131n kendisinin risk ve kriz y\u00f6netimi \u00a0oldu\u011funu s\u00f6yleyebiliriz. Do\u011fal olaylar insan ve insan ili\u015fkileri ile toplumsal ya\u015fam i\u015fleyi\u015fi ve dinamikleri ile ger\u00e7ek anlamda bir risk ve kriz y\u00f6netimidir.<\/p>\n<p><img fetchpriority=\"high\" decoding=\"async\" class=\"alignleft wp-image-1673\" src=\"http:\/\/www.bcdturkey.com.tr\/wp-content\/uploads\/krizsoon.jpg\" alt=\"krizsoon\" width=\"401\" height=\"194\" \/> D\u00fcnya n\u00fcfusu yakla\u015f\u0131k 7 milyar ancak 2 milyar insan a\u00e7l\u0131kla 1 milyar insan ise obeziteden muzdarip. 2 milyar insan n\u00fcfusu farkl\u0131 de\u011fi\u015fik co\u011frafyalarda sava\u015f\u0131yor. Gelir da\u011f\u0131l\u0131m\u0131 istatistikleri ise krizlerin as\u0131l nedenini i\u015faret ediyor asl\u0131nda, son d\u00f6nemde G20 toplant\u0131lar\u0131nda hem yurt i\u00e7i hemde yurt d\u0131\u015f\u0131 lider ve \u00f6nemli i\u015fadamlar\u0131n\u0131n kapitalizm ele\u015ftirileri asl\u0131nda krizi ve mevcut sistemin s\u00fcrd\u00fcr\u00fclebilirli\u011finin sonuna geldi\u011fimizi g\u00f6steriyor.<\/p>\n<p>&nbsp;<\/p>\n<p>1\u00a0nci D\u00fcnya sava\u015f\u0131, 2 nci D\u00fcnya sava\u015f\u0131\u00a0 sonras\u0131 \u015fekillenen D\u00fcnya d\u00fczeni ve payla\u015f\u0131m d\u00fczeni bug\u00fcn artan n\u00fcfus ve artan enerji ve hammadde ihtiyac\u0131 do\u011frultusunda yeniden \u015fekillenmeye y\u00f6nelik gerek siyasi ve gerekse muhtelif \u00e7at\u0131\u015fmalar i\u00e7erisinde. Bu da\u011f\u0131n\u0131k, gizli ve \u00f6rt\u00fcl\u00fc \u00e7at\u0131\u015fmalar yar\u0131n daha a\u00e7\u0131k ve geni\u015f bir cephe \u00e7at\u0131\u015fmas\u0131na her an d\u00f6nebilecek bir potansiyelde ta\u015f\u0131makta.<\/p>\n<p><img decoding=\"async\" class=\"alignleft  wp-image-1672\" src=\"http:\/\/www.bcdturkey.com.tr\/wp-content\/uploads\/Business-Tug-O-War.jpg\" alt=\"Business-Tug-O-War\" width=\"276\" height=\"229\" \/>D\u00fcnya devam eden b\u00f6ylesi bir kriz i\u00e7inde ya\u015farken, \u00dclkeler, KOB\u0130 ler ve nihayetinde insanlar durumun fark\u0131ndal\u0131\u011f\u0131ndan olan uzakl\u0131klar\u0131 ile bir ba\u015fka krizin e\u015fi\u011findeler.\u00a0 Irak \u2013 Suriye \u2013 Libyada ola\u011fan ya\u015famlar\u0131nda insanlar , \u015firketler ve nihayetinde \u00fclke y\u00f6neticileri g\u00fcnl\u00fck devam edegilen al\u0131\u015fm\u0131\u015fl\u0131klarla dolu ya\u015famlar\u0131nda bu kadar h\u0131zl\u0131 ve ani geli\u015fmeler ile t\u00fcm varl\u0131klar\u0131n\u0131 hayatlar\u0131 dahil kaybedebileceklerini g\u00f6remediler. Asl\u0131nda son 100 y\u0131la bakt\u0131\u011f\u0131m\u0131zda bunu g\u00f6rebilen ve y\u00f6netebilen tek y\u00f6netici , tek lider ve tek \u00f6nderin ATAT\u00dcRK oldu\u011funu rahatl\u0131kla s\u00f6yleyebiliriz, gerek sa\u011fl\u0131\u011f\u0131nda ve gerekse vefat\u0131ndan sonra tarafl\u0131 tarafs\u0131z herkesin sayg\u0131 ve takdirini kazanabilmi\u015f olmas\u0131da bunun somut g\u00f6stergesidir. Bug\u00fcn\u00fcn global d\u00fcnyas\u0131nda para hareketleri, \u00fclkelerin genel menfaatlerine parallel m\u00fcttefik politikalar\u0131 \u00e7ok\u00e7a de\u011fi\u015fken i\u00e7erisinde k\u0131r\u0131lganl\u0131k ve etkile\u015fimlerinide \u00e7ok art\u0131rm\u0131\u015f durumda. \u00dclkemiz \u0130nsan\u0131ndan ba\u015flarsak, \u00f6ncelikle Bayrak ve Yurt bilinci\u00a0 ortak paydas\u0131nda s\u0131ms\u0131k\u0131 kenetlenmek, KOB\u0130 lerden bakarsak risk fakt\u00f6rleri ve y\u00f6netimini birincil \u00f6ncelik ve sorumluluk olarak benimseyip uygulamak, Kurumsal ve b\u00fcy\u00fck \u00f6l\u00e7ekli \u015firket ve kurulu\u015flar a\u00e7\u0131s\u0131ndan bakarsak \u00a0\u00fclke ekonomisinin b\u00fct\u00fcnl\u00fc\u011f\u00fcne hizmet edecek \u00f6ncelik ve aksiyonlar\u0131 almay\u0131 s\u00fcrd\u00fcr\u00fclebilir ve devaml\u0131l\u0131\u011f\u0131n olmazsa olmaz\u0131 oldu\u011funu farketmek ve nihayetinde \u00dclke y\u00f6neticileri perspektifinden bakarsak son 30 y\u0131lda ve \u00f6zellikle son d\u00f6nemde ya\u015fad\u0131\u011f\u0131m\u0131z yak\u0131n co\u011frafya ve neredeyse hepsinin islam co\u011frafyas\u0131nda ba\u015f\u0131na gelenlerin fark\u0131ndal\u0131\u011f\u0131 ile yurtsever ve ak\u0131lc\u0131\u00a0 Atat\u00fcrk\u2019\u00fcn dedi\u011fi gibi \u201cYurtta sulh Cihanda Sulh\u201d bilinci ile bar\u0131\u015f\u00e7\u0131 politikalar \u00fcretip s\u00fcrd\u00fcr\u00fclmesini sa\u011flamak bug\u00fcn\u00fcn krizlerinin \u00e7\u00f6z\u00fcm ve \u00e7\u0131k\u0131\u015f noktas\u0131 olabilecektir. Risk y\u00f6netimi ve Kriz y\u00f6netimi her\u015feyden \u00f6nce iyi e\u011fitim alm\u0131\u015f, \u00e7al\u0131\u015fkan ve tak\u0131m \u00e7al\u0131\u015fmas\u0131 ruhuna sahip insanlar\u0131n birlikte g\u00f6sterebilece\u011fi bir performans ve sonu\u00e7 oldu\u011fundan t\u00fcm birey ve kurumlar\u0131n \u00f6ncelikle bu y\u00f6nlerini tahkim etmeleri kriz y\u00f6netimininde ilk ad\u0131m\u0131 olacakt\u0131r.<\/p>\n<p>Bu vesile ile\u00a0 yeni y\u0131l\u0131n\u0131z\u0131 kriz olmayan bir y\u0131l olmas\u0131 dileklerimle kutlarken, yeni y\u0131lda olas\u0131 krizleri en iyi \u015fekilde y\u00f6netebilmenizi dilerim.<\/p>\n<p><strong>Ender Balc\u0131 BCD \u0130\u015f Geli\u015ftirme ve Dan\u0131\u015fmanl\u0131k. \u00a0<\/strong><\/p>","protected":false},"excerpt":{"rendered":"<p>Wikipedia ya g\u00f6re Kriz (buhran, bunal\u0131m), bir \u00f6rg\u00fct\u00fcn \u00fcst d\u00fczey hedeflerini ve i\u015fleyi\u015f bi\u00e7imini tehdit eden veya hayat\u0131n\u0131 tehlikeye sokan, acil karar verilmesi gereken, uyum ve \u00f6nleme sistemlerini yetersiz hale getiren gerilim durumudur. T\u00fcrk Dil Kurumu S\u00f6zl\u00fc\u011f\u00fc&#8217;nde Kriz \u201cBir \u00fclkede veya \u00fclkeler aras\u0131nda, toplum veya bir kurulu\u015fun ya\u015fam\u0131nda g\u00f6r\u00fclen g\u00fc\u00e7 d\u00f6nem, bunal\u0131m, buhran\u201d olarak tan\u0131mlanm\u0131\u015ft\u0131r. [&hellip;]<\/p>\n","protected":false},"author":1,"featured_media":1675,"comment_status":"closed","ping_status":"closed","sticky":false,"template":"","format":"standard","meta":{"footnotes":""},"categories":[34],"tags":[],"class_list":["post-1668","post","type-post","status-publish","format-standard","has-post-thumbnail","hentry","category-yorum"],"acf":[],"_links":{"self":[{"href":"https:\/\/bcdturkey.com.tr\/en\/wp-json\/wp\/v2\/posts\/1668","targetHints":{"allow":["GET"]}}],"collection":[{"href":"https:\/\/bcdturkey.com.tr\/en\/wp-json\/wp\/v2\/posts"}],"about":[{"href":"https:\/\/bcdturkey.com.tr\/en\/wp-json\/wp\/v2\/types\/post"}],"author":[{"embeddable":true,"href":"https:\/\/bcdturkey.com.tr\/en\/wp-json\/wp\/v2\/users\/1"}],"replies":[{"embeddable":true,"href":"https:\/\/bcdturkey.com.tr\/en\/wp-json\/wp\/v2\/comments?post=1668"}],"version-history":[{"count":0,"href":"https:\/\/bcdturkey.com.tr\/en\/wp-json\/wp\/v2\/posts\/1668\/revisions"}],"wp:featuredmedia":[{"embeddable":true,"href":"https:\/\/bcdturkey.com.tr\/en\/wp-json\/wp\/v2\/media\/1675"}],"wp:attachment":[{"href":"https:\/\/bcdturkey.com.tr\/en\/wp-json\/wp\/v2\/media?parent=1668"}],"wp:term":[{"taxonomy":"category","embeddable":true,"href":"https:\/\/bcdturkey.com.tr\/en\/wp-json\/wp\/v2\/categories?post=1668"},{"taxonomy":"post_tag","embeddable":true,"href":"https:\/\/bcdturkey.com.tr\/en\/wp-json\/wp\/v2\/tags?post=1668"}],"curies":[{"name":"wp","href":"https:\/\/api.w.org\/{rel}","templated":true}]}}