{"id":1977,"date":"2016-10-01T22:19:52","date_gmt":"2016-10-01T19:19:52","guid":{"rendered":"http:\/\/www.bcdturkey.com.tr\/?p=1977"},"modified":"2016-10-01T22:19:52","modified_gmt":"2016-10-01T19:19:52","slug":"buyumegelir-dagilimikriz","status":"publish","type":"post","link":"https:\/\/bcdturkey.com.tr\/en\/buyumegelir-dagilimikriz\/","title":{"rendered":"B\u00fcy\u00fcme,Gelir Da\u011f\u0131l\u0131m\u0131,Kriz"},"content":{"rendered":"<blockquote><p>B\u00fcy\u00fcme \u2013 Gelir Da\u011f\u0131l\u0131m\u0131 &#8211; Kriz<\/p>\n<p>2016\u2019n\u0131n son \u00e7eyre\u011finde i\u00e7inde bulundu\u011fumuz d\u00f6nemde hem d\u00fcnya hemde T\u00fcrkiye\u2019de geli\u015fmeler olduk\u00e7a \u00e7alkant\u0131l\u0131 ve endi\u015fe verici, di\u011fer bir ifade ile risk alg\u0131s\u0131 ve fark\u0131ndal\u0131\u011f\u0131 artm\u0131\u015f durumda.<\/p><\/blockquote>\n<p>Artan risk endi\u015fesi, toplumda risk y\u00f6netimini verilerin do\u011fru de\u011ferlendirecek bilgi birikimi olmamas\u0131, analitik ve metodolojik yakla\u015f\u0131m tecr\u00fcbe eksikli\u011fi nedeni ile bu anlamda da kaotik bir duruma neden olmaktad\u0131r.<\/p>\n<p><strong>K\u0131saca d\u00fcnyada durum nedir\u00a0 bir bakal\u0131m;<\/strong> Web sitemde ayl\u0131k d\u00fczenli yay\u0131nlanan BDI Baltik Kuru Y\u00fck Endeksi\u2019ne bakt\u0131\u011f\u0131m\u0131zda, endeksin son 33 y\u0131l\u0131n en dip noktalar\u0131nda\u00a0 seyir etti\u011fini g\u00f6r\u00fcyoruzir etti\u011fini g\u00f6r\u00fcyoruz. Bu endeks, k\u0131saca d\u00fcnyadaki ticaret hacimi ve ekonomik b\u00fcy\u00fcmeyi g\u00f6steriyor.\u00a0 D\u00fcnyada genel anlamda bir \u00e7ok \u00fclke ekonomisi b\u00fcy\u00fcmede zorluk \u00e7ekiyor. B\u00fcy\u00fcyemeyen ekonomiler ise artan n\u00fcfus ve ekonomik taleplerin yerine getirilmesi bir yana, mevcut durumun s\u00fcrd\u00fcr\u00fclebilmesini olanaks\u0131z k\u0131larak k\u00fc\u00e7\u00fclmeye neden oluyor. D\u00fcnyan\u0131n ikinci b\u00fcy\u00fck ekonomisi \u00c7in\u2019in % 10\u2019lar\u0131n \u00fczerinde b\u00fcy\u00fcme ger\u00e7ekle\u015ftirdi\u011fi y\u0131llar geride kald\u0131 ve son yedi y\u0131l\u0131n en d\u00fc\u015f\u00fck b\u00fcy\u00fcme oran\u0131\u00a0 % 6\u2019lar seviyesine geriledi. \u00c7in, i\u00e7 t\u00fcketimi art\u0131rarak b\u00fcy\u00fcmesini daha a\u015fa\u011f\u0131ya d\u00fc\u015fmekten korumaya \u00e7al\u0131\u015f\u0131yor . (T\u00fcrkiye\u2019nin son d\u00f6nemde, Avrupa ve Amerika\u2019n\u0131n ise uzun d\u00f6nemdir \u00f6zellikle konut ara\u00e7 kredileri ile t\u00fcketici kredilerinde yapt\u0131\u011f\u0131 gibi)<\/p>\n<p>Gayr\u0131 Safi Milli Has\u0131la \u00fclkelerin toplam yaratt\u0131\u011f\u0131 ekonomik b\u00fcy\u00fckl\u00fc\u011f\u00fc g\u00f6sterirken,\u00a0 ki\u015fi ve kurumlar\u0131n bor\u00e7lanma oran\u0131n\u0131 da toplam mevduat\/toplam kredilere bakarak g\u00f6rebiliyoruz. \u00dclkeler ekonomilerini canland\u0131rmak i\u00e7in kredi musluklar\u0131n\u0131 a\u00e7t\u0131klar\u0131nda, konut \u2013 oto \u2013 ihtiya\u00e7 \u2013 kobi vs kredilerle ekonomi ve b\u00fcy\u00fcme canlan\u0131yor .<\/p>\n<p>T\u00fcrkiye\u2019de mevduat\/kredi oran\u0131\u00a0 bug\u00fcn % 130\u00a0 iken Yunanistan, Fransa ve Hollan\u2019da da % 180, \u0130spanya\u2019da % 150, Almanya\u2019da % 128,\u00a0 Avrupa birli\u011fi ortalamas\u0131 ise % 164 . Di\u011fer taraftan Kredi\/GSMH T\u00fcrkiyede % 75 iken Avrupa ortalamas\u0131nda bu oran % 164 .\u00a0 Dolay\u0131s\u0131yla geli\u015fmi\u015f \u00fclkeler ve Avrupa\u2019da ya\u015f ortalamas\u0131 yukar\u0131 giderken ekonomik b\u00fcy\u00fcme % 1\u2019ler seviyesinde ve ya\u015fl\u0131 n\u00fcfusu daha da bor\u00e7land\u0131rarak b\u00fcy\u00fcme olanaklar\u0131 kalmam\u0131\u015f vaziyette.<\/p>\n<p>Bu durumda b\u00fcy\u00fcmeyi i\u00e7te yeterince sa\u011flayamayan geli\u015fmi\u015f \u00fclkeler ancak ihracat yaparak bunu sa\u011flayabilirler , ihracat yapt\u0131klar\u0131 \u00fclkelere bakt\u0131\u011f\u0131m\u0131zda geli\u015fmi\u015f \u00fclkelerin yan\u0131 s\u0131ra bizim gibi geli\u015fmekte olan \u00fclkelerin genel anlamda ithalat\u00e7\u0131 olduklar\u0131n\u0131 g\u00f6rebiliriz. Ancak geli\u015fmekte olan \u00fclkelerde hukuk, sanayi, teknoloji, demokrasi, gelir da\u011f\u0131l\u0131m\u0131nda adalet, geli\u015fmi\u015flik endeksleri gibi g\u00f6stergeler iyi de\u011fil. Bu da geli\u015fmekte olan\u00a0 \u00fclkelerin de\u011fer kaybeden yerel para birimleri kar\u015f\u0131l\u0131\u011f\u0131 pahal\u0131 hale gelen ithalat\u0131n\u0131 da d\u00fc\u015f\u00fcrmekte. Dolay\u0131s\u0131yla\u00a0 hem geli\u015fmi\u015f \u00fclkelerin ihracat\u0131, hem geli\u015fmekte olan \u00fclkelerin ithalat\u0131 azald\u0131\u011f\u0131ndan , (bu azalmay\u0131da BDI endeksde g\u00f6rece\u011fimiz \u00fczere inan\u0131lmaz d\u00fc\u015fen D\u00fcnya ticaret ve ekonomi hacminde somut g\u00f6r\u00fcyoruz ) \u00fclkelerin hem d\u0131\u015f sat\u0131m hemde i\u00e7 t\u00fcketim ile ekonomiyi b\u00fcy\u00fctmeleri de zorla\u015fmakta , ticareti do\u011frudan etkileyen bu durum gelir adaletsizli\u011fini de art\u0131rmaktad\u0131r.<\/p>\n<p>\u00d6zetle kapitalizm ve emperyalizm az geli\u015fmi\u015f ve geli\u015fmekte olan \u00fclkelerin hammadde ve do\u011fal kaynaklar\u0131 ele ge\u00e7irirken geriye, gelir da\u011f\u0131l\u0131m\u0131 bozulmu\u015f, i\u00e7 \u00e7at\u0131\u015fmalarla enerji ve kapasitesini g\u00fcn ge\u00e7tik\u00e7e kaybeden ulus devletler ya da toplumlar b\u0131rak\u0131yor. Bunca s\u00f6m\u00fcr\u00fcye ra\u011fmen bug\u00fcn ABD\u2019de al\u0131nan se\u00e7im sonu\u00e7lar\u0131\u00a0 alt gelir grubundaki \u00e7o\u011funlu\u011fun bir nevi isyan\u0131n\u0131n g\u00f6stergesi niteli\u011finde.<\/p>\n<p>Avrupa\u2019da\u00a0 ise\u00a0 mevcut ekonomi ile halk\u0131n gelece\u011fe olan g\u00fcven bak\u0131\u015f a\u00e7\u0131lar\u0131n\u0131n\u00a0 gittik\u00e7e k\u00f6t\u00fcle\u015fmekte . Bu nedenle bug\u00fcn\u00a0 Avrupa\u2019da, refah ve konfor ortam\u0131n\u0131n bu \u015fartlarda devam ettirilemeyece\u011fi ve gelir da\u011f\u0131l\u0131m\u0131ndaki s\u0131k\u0131nt\u0131lar\u0131n getirdi\u011fi ac\u0131lar\u0131n fark\u0131ndal\u0131\u011f\u0131 ile kar\u015f\u0131 kar\u015f\u0131yad\u0131r.<\/p>\n<p>Tam bu noktada d\u00fcnyan\u0131n geli\u015fmi\u015f 20 \u00fclkesinin toplam d\u00fcnya n\u00fcfusu i\u00e7erisindeki paylar\u0131 ile gelir da\u011f\u0131l\u0131m\u0131 ne \u015fekilde bunlara bir g\u00f6z atal\u0131m<\/p>\n<p><a href=\"http:\/\/www.bcdturkey.com.tr\/wp-content\/uploads\/G-20-Jpg.png\"><img fetchpriority=\"high\" decoding=\"async\" class=\"aligncenter  wp-image-1964\" src=\"http:\/\/www.bcdturkey.com.tr\/wp-content\/uploads\/G-20-Jpg.png\" alt=\"G 20 Jpg\" width=\"1173\" height=\"495\" \/><\/a><\/p>\n<p>Bu iki tabloya bakarken \u00fc\u00e7 noktay\u0131 g\u00f6zden ka\u00e7\u0131rmamak laz\u0131m,<\/p>\n<p>1 &#8211; T\u00fcrkiye\u2019nin G 20\u2019ye dahil oldu\u011funu g\u00f6rerek sevinmek, ancak G 20 i\u00e7indeki pay\u0131n\u0131n g\u00f6receli k\u00fc\u00e7\u00fck kald\u0131\u011f\u0131n\u0131 unutmamak.<\/p>\n<p>2 &#8211; \u0130kinci husus ise gelir da\u011f\u0131l\u0131m\u0131 tablosunda G 20 \u00fclkelerinin nispeten daha iyi olmas\u0131na ragmen Avrupa \u00fclkelerinin de ekonomik anlamda s\u0131k\u0131nt\u0131larla i\u00e7 i\u00e7e oldu\u011funu bilmek.<\/p>\n<p>3 \u2013 G 20 de ekonomik hacimde ilk s\u0131rada yer alan ABD\u2019nin gelir da\u011f\u0131l\u0131m\u0131nda T\u00fcrkiye\u2019den de geri s\u0131ralarda oldu\u011funu ve bunun son se\u00e7imlerde Trump\u2019\u0131n zaferine neden oldu\u011funu idrak etmek.\u00a0 Yine gelir da\u011f\u0131l\u0131m\u0131 bozuk \u0130ngiltere\u2019nin Brexit ile AB\u2019den\u00a0 ayr\u0131lma karar\u0131 ard\u0131nda yatan ger\u00e7e\u011fi bu g\u00f6zle tekrar de\u011ferlendirmek.<\/p>\n<p><a href=\"http:\/\/www.bcdturkey.com.tr\/wp-content\/uploads\/Gelir-e\u015fitsizli\u011fi.jpg\"><img decoding=\"async\" class=\"aligncenter  wp-image-1967\" src=\"http:\/\/www.bcdturkey.com.tr\/wp-content\/uploads\/Gelir-e\u015fitsizli\u011fi.jpg\" alt=\"Gelir e\u015fitsizli\u011fi\" width=\"1138\" height=\"776\" \/><\/a><\/p>\n<p>&nbsp;<\/p>\n<p>Belkide \u00a0birka\u00e7 \u00f6zl\u00fc s\u00f6z\u00fc bu arada hat\u0131rlamakta fayda var ;<\/p>\n<ul>\n<li>Kom\u015fusu a\u00e7 yatarken tok gezen bizden de\u011fildir . Peygamber Efendimiz S.A.V<\/li>\n<li>Etme bulma d\u00fcnyas\u0131. Anonim<\/li>\n<li>A\u011fl\u0131yan\u0131n mal\u0131 g\u00fclene yaramaz . Anonim<\/li>\n<li>Tok a\u00e7\u0131n halinden anlamaz. Anonim<\/li>\n<li>Parayla saadet olmaz. Eski Ye\u015fil\u00e7am T\u00fcrk filmleri<\/li>\n<\/ul>\n<p>\u00d6zetle kapitalizmin sonuna gelindi\u011fini net g\u00f6steren bu durum baz\u0131 g\u00f6r\u00fc\u015flere g\u00f6re \u201c Yeni Orta\u00e7a\u011f \u201c olarak tan\u0131mlanmakta. ( Alain Minc\u2019 in yeni kitab\u0131 Yeni Orta\u00e7a\u011f kitab\u0131n\u0131 bu d\u00f6nemde okuman\u0131z\u0131 \u015fiddetle tavsiye ediyorum)<\/p>\n<p>M.Ender BALCI<\/p>\n<p>&nbsp;<\/p>","protected":false},"excerpt":{"rendered":"<p>B\u00fcy\u00fcme \u2013 Gelir Da\u011f\u0131l\u0131m\u0131 &#8211; Kriz 2016\u2019n\u0131n son \u00e7eyre\u011finde i\u00e7inde bulundu\u011fumuz d\u00f6nemde hem d\u00fcnya hemde T\u00fcrkiye\u2019de geli\u015fmeler olduk\u00e7a \u00e7alkant\u0131l\u0131 ve endi\u015fe verici, di\u011fer bir ifade ile risk alg\u0131s\u0131 ve fark\u0131ndal\u0131\u011f\u0131 artm\u0131\u015f durumda. Artan risk endi\u015fesi, toplumda risk y\u00f6netimini verilerin do\u011fru de\u011ferlendirecek bilgi birikimi olmamas\u0131, analitik ve metodolojik yakla\u015f\u0131m tecr\u00fcbe eksikli\u011fi nedeni ile bu anlamda da [&hellip;]<\/p>\n","protected":false},"author":1,"featured_media":1974,"comment_status":"closed","ping_status":"closed","sticky":false,"template":"","format":"standard","meta":{"footnotes":""},"categories":[34,35],"tags":[],"class_list":["post-1977","post","type-post","status-publish","format-standard","has-post-thumbnail","hentry","category-yorum","category-guncel"],"acf":[],"_links":{"self":[{"href":"https:\/\/bcdturkey.com.tr\/en\/wp-json\/wp\/v2\/posts\/1977","targetHints":{"allow":["GET"]}}],"collection":[{"href":"https:\/\/bcdturkey.com.tr\/en\/wp-json\/wp\/v2\/posts"}],"about":[{"href":"https:\/\/bcdturkey.com.tr\/en\/wp-json\/wp\/v2\/types\/post"}],"author":[{"embeddable":true,"href":"https:\/\/bcdturkey.com.tr\/en\/wp-json\/wp\/v2\/users\/1"}],"replies":[{"embeddable":true,"href":"https:\/\/bcdturkey.com.tr\/en\/wp-json\/wp\/v2\/comments?post=1977"}],"version-history":[{"count":0,"href":"https:\/\/bcdturkey.com.tr\/en\/wp-json\/wp\/v2\/posts\/1977\/revisions"}],"wp:featuredmedia":[{"embeddable":true,"href":"https:\/\/bcdturkey.com.tr\/en\/wp-json\/wp\/v2\/media\/1974"}],"wp:attachment":[{"href":"https:\/\/bcdturkey.com.tr\/en\/wp-json\/wp\/v2\/media?parent=1977"}],"wp:term":[{"taxonomy":"category","embeddable":true,"href":"https:\/\/bcdturkey.com.tr\/en\/wp-json\/wp\/v2\/categories?post=1977"},{"taxonomy":"post_tag","embeddable":true,"href":"https:\/\/bcdturkey.com.tr\/en\/wp-json\/wp\/v2\/tags?post=1977"}],"curies":[{"name":"wp","href":"https:\/\/api.w.org\/{rel}","templated":true}]}}