{"id":2878,"date":"2015-09-16T16:12:22","date_gmt":"2015-09-16T13:12:22","guid":{"rendered":"http:\/\/www.bcdturkey.com.tr\/?p=1623"},"modified":"2015-09-16T16:12:22","modified_gmt":"2015-09-16T13:12:22","slug":"risk-yonetimi-durgunluk","status":"publish","type":"post","link":"https:\/\/bcdturkey.com.tr\/en\/risk-yonetimi-durgunluk\/","title":{"rendered":"Risk Y\u00f6netimi Durgunluk"},"content":{"rendered":"<blockquote><p>Son d\u00f6nemde ekonominin dinamiklerini belirleyen unsurlara bakt\u0131\u011f\u0131m\u0131zda dikkat \u00e7ekici \u00a0 \u00a0de\u011fi\u015fimlerin ard arda ger\u00e7ekle\u015fti\u011fini g\u00f6rmekteyiz. Kurlar haraketli, parite de\u011fi\u015fken, petrol fiyatlar\u0131 ve emtia fiyatlar\u0131 \u015fa\u015f\u0131rt\u0131c\u0131 de\u011fi\u015fimler g\u00f6sterirken di\u011fer taraftan k\u00fcresel iflas riski hem D\u00fcnya ekonomisi \u00a0hemde T\u00fcrkiye ekonomisi a\u00e7\u0131s\u0131ndan olas\u0131 etkileri ile endi\u015fe yarat\u0131yor.<\/p><\/blockquote>\n<p>Asl\u0131nda kapitalist sistemin kendisini sorgulad\u0131\u011f\u0131 D\u00fcnya kaynaklar\u0131n\u0131n s\u0131n\u0131rs\u0131z olmad\u0131\u011f\u0131, parasal geni\u015fleme ilede ekonominin s\u00fcrd\u00fcr\u00fclebilmesinin daha fazla m\u00fcmk\u00fcn olmad\u0131\u011f\u0131 yava\u015f yava\u015f anla\u015f\u0131l\u0131yor. Kendine yetebilen s\u0131n\u0131rl\u0131 ekonomik b\u00fcy\u00fckl\u00fcklere sahip toplumlardan, ard\u0131nda kan,g\u00f6zya\u015f\u0131 ve \u00f6l\u00fcmler b\u0131rakan s\u00f6m\u00fcrgecilik d\u00fczeni ile\u00a0 zenginle\u015fip daha sonrada medenile\u015fen (?) yeni toplum d\u00fczeni, \u00a0sonras\u0131nda yerini ba\u011f\u0131ms\u0131zl\u0131k talepleri ile ulus devlet toplumlara b\u0131rak\u0131rken ekonomi kapitalist sistem ile bu kerre paran\u0131n kendisini silah olarak kullanarak gelir da\u011f\u0131l\u0131m\u0131n inan\u0131lmaz bozuldu\u011fu kan, g\u00f6zya\u015f\u0131 ve \u00f6l\u00fcmlerle bu kerre sava\u015flar\u0131n da hi\u00e7 bitmedi\u011fi bir modele d\u00f6n\u00fc\u015ft\u00fc.Teknoloji ve ileti\u015fimin bu denli h\u0131zl\u0131 geli\u015fmesi bireyin bencille\u015fmesi ve t\u00fcketimden daha \u00e7ok pay almak istemesi kapitalizmi vah\u015file\u015ftirdi.\u00a0 Var olan kaynaklar\u0131n azalmas\u0131 , iklim de\u011fi\u015fiklikleri ile D\u00fcnyaya h\u00fckmetme istekleri \u00e7at\u0131\u015fmalar\u0131 art\u0131r\u0131rken,\u00a0 insanl\u0131k s\u00fcrd\u00fcr\u00fclebilir ve bar\u0131\u015f\u0131 sa\u011flayabilecek yeni bir ekonomi ve yeni anlay\u0131\u015flara ihtiya\u00e7 duyuyor. Sosyalizm, sosyal demokrasi, liberalizm a\u00e7\u0131l\u0131m ve yakla\u015f\u0131mlar\u0131 ise bu ihtiyac\u0131 kar\u015f\u0131layamad\u0131, komunizm, teokratik, otokratik ve diktat\u00f6rl\u00fck sistemler ise zaman zaman ortaya \u00e7\u0131ksalar bile insan i\u00e7in uygun olmayan ve s\u00fcrd\u00fcr\u00fclebilirli\u011fi olmayan sistemler olarak tarihte yerlerini ald\u0131lar.<\/p>\n<p>Teknoloji ve bilim fen bilimlerinde m\u00fcthi\u015f bulu\u015flara imza atarken s\u00fcrd\u00fcr\u00fclebilir ekonomik konfor ve bar\u0131\u015f konular\u0131n\u0131n gerek bilim adamlar\u0131nca ve gerekse\u00a0 sosyolog, filazof ve siyaset\u00e7i taraf\u0131ndan yeterince irdelenememesi hala kaynaklar\u0131n bir \u015fekilde yer ve el de\u011fi\u015ftirmesine dayal\u0131 ekonomik ve siyasetin hayat bulmas\u0131ndan ba\u015fka bir i\u015fe yaram\u0131yor. Bireyler ise D\u00fcnyan\u0131n neresinde hangi \u0131rk, hangi cinsiyet, hangi co\u011frafya ve hangi \u00fclkenin mensubu olduklar\u0131na bakmaks\u0131z\u0131n sadece ya\u015famlar\u0131n\u0131 s\u00fcrd\u00fcrebilmeye odaklanm\u0131\u015f vaziyetteler. Bir anlamda batan gemide ben nas\u0131l hayatta kal\u0131r\u0131m\u0131n d\u0131\u015f\u0131nda bir \u015fey d\u00fc\u015f\u00fcnememek gibi.<\/p>\n<p>T\u00fcm bu ya\u015fananlar 2010 dan bu yana s\u00fcrekli d\u00fc\u015fen d\u00fcnya ekonomik b\u00fcy\u00fcme h\u0131z\u0131 ile artan durgunlu\u011fa i\u015faret ediyor.<\/p>\n<p><img fetchpriority=\"high\" decoding=\"async\" class=\"alignleft size-full wp-image-1628\" src=\"http:\/\/www.bcdturkey.com.tr\/wp-content\/uploads\/kureseliflas.jpg\" alt=\"kureseliflas\" width=\"461\" height=\"159\" \/>Petrol fiyatlar\u0131, kurlar,parite, enerji fiyatlar\u0131, Cds ler gibi indikat\u00f6rler son d\u00f6nemde belirsiz ve \u00e7ok haraketli. Bizimde ilk 10 da yer ald\u0131\u011f\u0131m\u0131z k\u00fcresel iflas riskinde ilk onun bir k\u0131sm\u0131 bizim yak\u0131n co\u011frafya ve ticaret ortaklar\u0131m\u0131z, bir k\u0131sm\u0131da bizim gibi geli\u015fmekte olan \u00fclkeler.<\/p>\n<p>ihracat\u0131m\u0131z 2015 y\u0131l\u0131 Temmuz ay\u0131nda, 2014 y\u0131l\u0131n\u0131n ayn\u0131 ay\u0131na g\u00f6re y\u00fczde 16,2 azalarak 11 milyar 181 milyon dolar, ithalat y\u00fczde 8,7 azalarak 18 milyar 209 milyon dolar olarak ger\u00e7ekle\u015fti. Temmuz ay\u0131nda d\u0131\u015f ticaret a\u00e7\u0131\u011f\u0131 y\u00fczde 6,5 artarak 6 milyar 596 milyon dolardan 7 milyar 28 milyon dolara y\u00fckseldi, Bu ayn\u0131 zamanda 8 ay\u0131n en y\u00fcksek seviyesi.\u0130hracat\u0131n ithalat\u0131 kar\u015f\u0131lama oran\u0131 2014 Temmuz ay\u0131nda y\u00fczde 66,9 \u00a0iken, 2015 Temmuz ay\u0131nda y\u00fczde 61,4\u2019e d\u00fc\u015ft\u00fc. AB nin ihracat\u0131m\u0131zdaki pay\u0131da % 13,8 d\u00fc\u015ft\u00fc.<\/p>\n<p><img decoding=\"async\" class=\"alignleft size-full wp-image-1630\" src=\"http:\/\/www.bcdturkey.com.tr\/wp-content\/uploads\/parite.jpg\" alt=\"parite\" width=\"335\" height=\"269\" \/>\u0130hracata bakt\u0131\u011f\u0131m\u0131zda ara mal ithalat\u0131 ayr\u0131\u015fma ve etkile\u015fimi belirliyor. (k\u0131rm\u0131z\u0131 ihracatta b\u00fcy\u00fcmeyi, ye\u015fil usd kuru ve mavide euro\/usd pariteyi g\u00f6steriyor)<\/p>\n<p>\u0130thalatta \u00a0usd &#8211;\u00a0 tl ayr\u0131\u015fmas\u0131 ise a\u015fa\u011f\u0131daki gibi ,<\/p>\n<p><img decoding=\"async\" class=\"aligncenter size-full wp-image-1631\" src=\"http:\/\/www.bcdturkey.com.tr\/wp-content\/uploads\/ayrisme.jpg\" alt=\"ayrisme\" width=\"337\" height=\"144\" \/><img loading=\"lazy\" decoding=\"async\" class=\"alignright size-full wp-image-1632\" src=\"http:\/\/www.bcdturkey.com.tr\/wp-content\/uploads\/buyumenasil.jpg\" alt=\"buyumenasil\" width=\"141\" height=\"157\" \/><\/p>\n<p>Bloomberg Hammadde Endeksi son bir y\u0131lda y\u00fczde 28 de\u011fer kaybederken FT&#8217;nin Metal ve Madencilik Endeksi y\u00fczde 27 d\u00fc\u015f\u00fc\u015f ya\u015fad\u0131.Petrol fiyatlar\u0131 120 usd lardan 50 usd lere gerilerken , CDS ler yukar\u0131 do\u011fru gidiyor, BDI ise son on y\u0131l\u0131n dip noktas\u0131nda . (Bkz yararl\u0131 bilgiler )<\/p>\n<p>Peki bu \u015fartlar alt\u0131nda \u00a0\u00f6zellikle imalat sanayi ve ihracat\u00e7\u0131 <strong>KOB\u0130<\/strong> ler i\u00e7in a\u015fa\u011f\u0131da g\u00f6stermeye \u00e7al\u0131\u015ft\u0131\u011f\u0131m ve <strong>BCD<\/strong> nin <strong>KOB\u0130<\/strong> dan\u0131\u015fmanl\u0131\u011f\u0131 felsefesini olu\u015fturan tabloda yer alan risk y\u00f6netimi verimlilik ve b\u00fcy\u00fcme nas\u0131l sa\u011flanacak?<\/p>\n<p>Makro sonu\u00e7lar\u0131n bir k\u0131sm\u0131 y\u00f6netebilme ve yetkinlik alan\u0131m\u0131zda iken bir k\u0131sm\u0131da de\u011fil. <strong>KOB\u0130 <\/strong>nin bu anlamda k\u00fclt\u00fcr ve zihniyetini kesinlikle bu \u00e7er\u00e7evede geli\u015ftirmeyi g\u00fcndemlerinin ilk maddesi yapmas\u0131, Sistem ve\u00a0 altyap\u0131y\u0131 teknoloji, tak\u0131m \u00e7al\u0131\u015fmas\u0131, ileti\u015fim, payla\u015f\u0131m ve analiz \u00fczerine kurmay\u0131 benimsemesi gerekiyor. Elde edilen varl\u0131klar ve sonu\u00e7lar i\u00e7in \u201c \u015f\u00fck\u00fcr \u201c bilinci var olan\u0131n de\u011ferinin bilinmesi kadar mutevazili\u011fi ve bunu koruma bilinci ile daha \u00e7ok \u00e7al\u0131\u015fmak gerekti\u011fi bilincinide art\u0131racakt\u0131r.<\/p>\n<p>Tak\u0131m \u00e7al\u0131\u015fmas\u0131 firma ortaklar\u0131, firma \u00e7al\u0131\u015fanlar\u0131 , sekt\u00f6rel meslekda\u015flar\u00a0 , m\u00fc\u015fteriler ve tedarik\u00e7iler ile bankalar, sigorta \u015firketleri gibi i\u015f ortaklar\u0131 ile birlikte profosyonel dan\u0131\u015fmanl\u0131\u011f\u0131da kapsamakta. Bu \u00e7er\u00e7evede ileti\u015fimin ve empatinin geli\u015ftirilmesi ve etkin kullan\u0131m\u0131 risk y\u00f6netimini olabildi\u011fince yap\u0131labilir k\u0131lacak sonu\u00e7tada <strong>KOB\u0130<\/strong> i\u00e7in s\u00fcrd\u00fcr\u00fclebilirlik ve devaml\u0131l\u0131k sa\u011flanabilir k\u0131l\u0131nacakt\u0131r.<\/p>\n<p><strong>BCD<\/strong> birinci hizmet y\u0131l\u0131n\u0131 tamamlarken bu anlay\u0131\u015f ile \u00e7al\u0131\u015fmalar\u0131n\u0131 devam ettirmektedir.<\/p>","protected":false},"excerpt":{"rendered":"<p>Son d\u00f6nemde ekonominin dinamiklerini belirleyen unsurlara bakt\u0131\u011f\u0131m\u0131zda dikkat \u00e7ekici \u00a0 \u00a0de\u011fi\u015fimlerin ard arda ger\u00e7ekle\u015fti\u011fini g\u00f6rmekteyiz. Kurlar haraketli, parite de\u011fi\u015fken, petrol fiyatlar\u0131 ve emtia fiyatlar\u0131 \u015fa\u015f\u0131rt\u0131c\u0131 de\u011fi\u015fimler g\u00f6sterirken di\u011fer taraftan k\u00fcresel iflas riski hem D\u00fcnya ekonomisi \u00a0hemde T\u00fcrkiye ekonomisi a\u00e7\u0131s\u0131ndan olas\u0131 etkileri ile endi\u015fe yarat\u0131yor. Asl\u0131nda kapitalist sistemin kendisini sorgulad\u0131\u011f\u0131 D\u00fcnya kaynaklar\u0131n\u0131n s\u0131n\u0131rs\u0131z olmad\u0131\u011f\u0131, parasal geni\u015fleme [&hellip;]<\/p>\n","protected":false},"author":1,"featured_media":1639,"comment_status":"closed","ping_status":"closed","sticky":false,"template":"","format":"standard","meta":{"footnotes":""},"categories":[34],"tags":[],"class_list":["post-2878","post","type-post","status-publish","format-standard","has-post-thumbnail","hentry","category-yorum"],"acf":[],"_links":{"self":[{"href":"https:\/\/bcdturkey.com.tr\/en\/wp-json\/wp\/v2\/posts\/2878","targetHints":{"allow":["GET"]}}],"collection":[{"href":"https:\/\/bcdturkey.com.tr\/en\/wp-json\/wp\/v2\/posts"}],"about":[{"href":"https:\/\/bcdturkey.com.tr\/en\/wp-json\/wp\/v2\/types\/post"}],"author":[{"embeddable":true,"href":"https:\/\/bcdturkey.com.tr\/en\/wp-json\/wp\/v2\/users\/1"}],"replies":[{"embeddable":true,"href":"https:\/\/bcdturkey.com.tr\/en\/wp-json\/wp\/v2\/comments?post=2878"}],"version-history":[{"count":0,"href":"https:\/\/bcdturkey.com.tr\/en\/wp-json\/wp\/v2\/posts\/2878\/revisions"}],"wp:featuredmedia":[{"embeddable":true,"href":"https:\/\/bcdturkey.com.tr\/en\/wp-json\/wp\/v2\/media\/1639"}],"wp:attachment":[{"href":"https:\/\/bcdturkey.com.tr\/en\/wp-json\/wp\/v2\/media?parent=2878"}],"wp:term":[{"taxonomy":"category","embeddable":true,"href":"https:\/\/bcdturkey.com.tr\/en\/wp-json\/wp\/v2\/categories?post=2878"},{"taxonomy":"post_tag","embeddable":true,"href":"https:\/\/bcdturkey.com.tr\/en\/wp-json\/wp\/v2\/tags?post=2878"}],"curies":[{"name":"wp","href":"https:\/\/api.w.org\/{rel}","templated":true}]}}