{"id":2880,"date":"2020-06-01T09:30:22","date_gmt":"2020-06-01T06:30:22","guid":{"rendered":"http:\/\/www.bcdturkey.com.tr\/?p=2699"},"modified":"2020-06-01T09:30:22","modified_gmt":"2020-06-01T06:30:22","slug":"laffer-egrisi-nedir-2","status":"publish","type":"post","link":"https:\/\/bcdturkey.com.tr\/en\/laffer-egrisi-nedir-2\/","title":{"rendered":"Laffer e\u011frisi nedir?"},"content":{"rendered":"<h1><\/h1>\n<p><a href=\"http:\/\/www.bcdturkey.com.tr\/wp-content\/uploads\/Lafer-E\u011frisi.jpg\"><img fetchpriority=\"high\" decoding=\"async\" class=\"aligncenter size-full wp-image-2704\" src=\"http:\/\/www.bcdturkey.com.tr\/wp-content\/uploads\/Lafer-E\u011frisi.jpg\" alt=\"Lafer E\u011frisi\" width=\"699\" height=\"499\" \/><\/a><\/p>\n<h1>Laffer e\u011frisi nedir?<\/h1>\n<h1><\/h1>\n<p>G\u00fcn\u00fcm\u00fczde 3.000 \u00e7e\u015fit mal grubuna gelen yeni y\u00fcksek vergiler, kambiyo vergileri ile ekonominin a\u00e7\u0131klar\u0131 kapat\u0131labilir mi sorusuna cevab\u0131n\u0131 \u0130bni Haldun&#8217;un Mukaddime eseri 1377 ve Arthur Laffer&#8217;in 1974 ba\u015fkan Reagan&#8217;a anlatt\u0131\u011f\u0131 ve genel kabul g\u00f6ren teorem ile cevaplam\u0131\u015f.<\/p>\n<p>(Laffer Curve) Vergi oranlar\u0131 ile devletin tahsil edece\u011fi toplam vergi gelirleri aras\u0131ndaki ili\u015fkiyi g\u00f6steren e\u011fri.<\/p>\n<p>Bireyler, ister i\u015f\u00e7i, ister tasarruf\u00e7u ya da yat\u0131r\u0131mc\u0131 olsunlar, vergi oranlar\u0131nda yap\u0131lacak de\u011fi\u015fmelere tepkide bulunurlar. Vergi oran\u0131nda yap\u0131lan bir art\u0131\u015f ne derece y\u00fcksek olursa fertlerin vergi \u00f6demekten ka\u00e7\u0131nma e\u011filimleri de o derece y\u00fckselir. Bunun bir yolu daha az \u00e7al\u0131\u015fmak, daha az tasarrufta veya yat\u0131r\u0131mda bulunmakt\u0131r. Di\u011fer bir yolu da yasa &#8211; d\u0131\u015f\u0131 davran\u0131\u015flara ba\u015fvurmak, yani vergi ka\u00e7ak\u00e7\u0131l\u0131\u011f\u0131 yapmakt\u0131r.<\/p>\n<p>Bu e\u011filim eskiden beri bilinmekle birlikte, bunu sistemli bir bi\u00e7imde a\u00e7\u0131klayan G\u00fcney California \u00dcniversitesi\u2019nden Arthur Laffer isimli bir iktisat\u00e7\u0131 olmu\u015ftur.<\/p>\n<p>Konu, \u00f6zellikle 1980 lerde ArzYara Ekonomisinin tart\u0131\u015f\u0131ld\u0131\u011f\u0131 s\u0131ralarda g\u00fcndeme gelmi\u015ftir. Buna g\u00f6re, vergi oranlar\u0131ndaki art\u0131\u015flar, belirli bir &#8220;y\u00fcksek d\u00fczeye&#8221; ula\u015ft\u0131ktan sonra bireyler, \u00e7al\u0131\u015fmalar\u0131n\u0131 azaltacaklar ve daha fazla vergi ka\u00e7\u0131rman\u0131n yollar\u0131n\u0131 ara\u015ft\u0131rmaya ba\u015flayacaklard\u0131r.<\/p>\n<p>Ba\u015fka bir deyi\u015fle, belirli bir noktadan sonra vergi oram art\u0131\u015flar\u0131 devletin elde edece\u011fi vergi gelirlerinin azalmas\u0131 ile sonu\u00e7lanacakt\u0131r.<\/p>\n<p>Grafikte, dikey eksende vergi oranlar\u0131 (T), yatay eksende vergi gelirleri (R) g\u00f6sterildi\u011finde, R2 gibi bir orandan devletin sa\u011flad\u0131\u011f\u0131 vergi geliri maksimum olacakt\u0131r. Oysa h\u00fck\u00fcmet R3 gibi daha y\u00fcksek bir <a href=\"https:\/\/www.nedir.com\/oran\">oran<\/a> \u00fczerinde, \u0131srar edecek olursa, vergi gelirleri T1 gibi daha d\u00fc\u015f\u00fck bir d\u00fczeye iner. Tersine bir ifadeyle, e\u011fer halen vergi oranlan \u00e7ok y\u00fcksek bir d\u00fczeyde bulunuyorsa (R2 gibi), bu y\u00fcksek oranlar\u0131n d\u00fc\u015f\u00fcr\u00fclmesi devletin tahsil edece\u011fi toplam vergi gelirinin artmas\u0131na yol a\u00e7acakt\u0131r.<\/p>\n<p>\u00d6zetle<\/p>\n<div dir=\"auto\">&#8211; Y\u00fcksek vergiler olursa piyasada canl\u0131l\u0131k olmayaca\u011f\u0131 i\u00e7in vergi geliriniz d\u00fc\u015fer, vergiler \u00e7ok y\u00fcksek olmaz ise piyasa canl\u0131 olur vergi gelirleri artar diyor.<\/div>\n<div dir=\"auto\">&#8211; Ba\u015fka bir a\u00e7\u0131dan \u015f\u00f6yle de anlayabiliriz. Vergi s\u0131f\u0131r olursa ortada devlet 100 olursa ise m\u00fckellef kalmaz diyor.<\/div>\n<div dir=\"auto\">&#8211; \u0130slami jargon ile anlat\u0131rsak ifrat ve tefritten uzak durmak laz\u0131m diyor.<\/div>\n<div dir=\"auto\">&#8211; Amiyane tabir ile ise kantar\u0131n topuzunu ka\u00e7\u0131rma diyor.<\/div>","protected":false},"excerpt":{"rendered":"<p>Laffer e\u011frisi nedir? G\u00fcn\u00fcm\u00fczde 3.000 \u00e7e\u015fit mal grubuna gelen yeni y\u00fcksek vergiler, kambiyo vergileri ile ekonominin a\u00e7\u0131klar\u0131 kapat\u0131labilir mi sorusuna cevab\u0131n\u0131 \u0130bni Haldun&#8217;un Mukaddime eseri 1377 ve Arthur Laffer&#8217;in 1974 ba\u015fkan Reagan&#8217;a anlatt\u0131\u011f\u0131 ve genel kabul g\u00f6ren teorem ile cevaplam\u0131\u015f. (Laffer Curve) Vergi oranlar\u0131 ile devletin tahsil edece\u011fi toplam vergi gelirleri aras\u0131ndaki ili\u015fkiyi g\u00f6steren e\u011fri. [&hellip;]<\/p>\n","protected":false},"author":1,"featured_media":0,"comment_status":"closed","ping_status":"closed","sticky":false,"template":"","format":"standard","meta":{"footnotes":""},"categories":[34,35,36],"tags":[],"class_list":["post-2880","post","type-post","status-publish","format-standard","hentry","category-yorum","category-guncel","category-makale"],"acf":[],"_links":{"self":[{"href":"https:\/\/bcdturkey.com.tr\/en\/wp-json\/wp\/v2\/posts\/2880","targetHints":{"allow":["GET"]}}],"collection":[{"href":"https:\/\/bcdturkey.com.tr\/en\/wp-json\/wp\/v2\/posts"}],"about":[{"href":"https:\/\/bcdturkey.com.tr\/en\/wp-json\/wp\/v2\/types\/post"}],"author":[{"embeddable":true,"href":"https:\/\/bcdturkey.com.tr\/en\/wp-json\/wp\/v2\/users\/1"}],"replies":[{"embeddable":true,"href":"https:\/\/bcdturkey.com.tr\/en\/wp-json\/wp\/v2\/comments?post=2880"}],"version-history":[{"count":0,"href":"https:\/\/bcdturkey.com.tr\/en\/wp-json\/wp\/v2\/posts\/2880\/revisions"}],"wp:attachment":[{"href":"https:\/\/bcdturkey.com.tr\/en\/wp-json\/wp\/v2\/media?parent=2880"}],"wp:term":[{"taxonomy":"category","embeddable":true,"href":"https:\/\/bcdturkey.com.tr\/en\/wp-json\/wp\/v2\/categories?post=2880"},{"taxonomy":"post_tag","embeddable":true,"href":"https:\/\/bcdturkey.com.tr\/en\/wp-json\/wp\/v2\/tags?post=2880"}],"curies":[{"name":"wp","href":"https:\/\/api.w.org\/{rel}","templated":true}]}}